{"id":1111,"date":"2026-09-02T23:40:56","date_gmt":"2026-09-02T21:40:56","guid":{"rendered":"https:\/\/site.croixrougeath.be\/?p=1111"},"modified":"2026-09-02T23:45:33","modified_gmt":"2026-09-02T21:45:33","slug":"bientot-disponible-la-maison-croix-rouge-deux-dendres-lance-son-service-de-transport-social","status":"publish","type":"post","link":"https:\/\/site.croixrougeath.be\/index.php\/2026\/09\/02\/bientot-disponible-la-maison-croix-rouge-deux-dendres-lance-son-service-de-transport-social\/","title":{"rendered":"Bient\u00f4t disponible : la Maison Croix-Rouge Deux Dendres lance son service de Transport Social"},"content":{"rendered":"\n<p class=\"wp-block-paragraph\">La Maison Croix-Rouge \u00abDeux Dendres\u00bb (Ath \u2013 Brugelette) \u00e9largit son champ d&rsquo;action avec une nouvelle activit\u00e9 solidaire : le Transport Social. Ce service, encadr\u00e9 par un agr\u00e9ment d\u00e9livr\u00e9 par la R\u00e9gion wallonne, doit permettre \u00e0 toute personne qui a des difficult\u00e9s \u00e0 se d\u00e9placer seule de conserver un acc\u00e8s \u00e0 ses rendez-vous, \u00e0 ses d\u00e9marches et \u00e0 sa vie sociale.<\/p>\n\n\n\n<h2 class=\"wp-block-heading\"><strong>Un service pens\u00e9 pour celles et ceux qui en ont le plus besoin<\/strong><\/h2>\n\n\n\n<p class=\"wp-block-paragraph\">Le Transport Social s&rsquo;adresse en priorit\u00e9 aux personnes en situation de pr\u00e9carit\u00e9 socio-\u00e9conomique ou d&rsquo;isolement g\u00e9ographique, aux personnes \u00e2g\u00e9es, ainsi qu&rsquo;aux personnes en situation de handicap. L&rsquo;objectif est simple : qu&rsquo;aucune de ces personnes ne renonce \u00e0 un rendez-vous, \u00e0 une course ou \u00e0 une d\u00e9marche administrative faute de moyen de transport.<\/p>\n\n\n\n<h2 class=\"wp-block-heading\"><strong>Un service \u00e0 ne pas confondre avec le VSL ou le TPMR<\/strong><\/h2>\n\n\n\n<p class=\"wp-block-paragraph\">Le Transport Social (TS) est une activit\u00e9 \u00e0 part enti\u00e8re, distincte des autres services de transport que peut proposer la Croix-Rouge : le VSL (V\u00e9hicule Sanitaire L\u00e9ger), destin\u00e9 aux transports \u00e0 caract\u00e8re m\u00e9dical, et le TPMR (Transport de Personnes \u00e0 Mobilit\u00e9 R\u00e9duite), assur\u00e9 au moyen d&rsquo;un v\u00e9hicule sp\u00e9cialement \u00e9quip\u00e9. Le Transport Social, lui, r\u00e9pond \u00e0 un objectif social et de lutte contre l&rsquo;isolement : il s&rsquo;effectue avec le v\u00e9hicule d\u00e9di\u00e9 \u00e0 cette activit\u00e9, sans \u00e9quipement ni encadrement m\u00e9dical particulier. La Maison Croix-Rouge Deux Dendres ne propose, dans le cadre de cette nouvelle activit\u00e9, que le Transport Social.<\/p>\n\n\n\n<h2 class=\"wp-block-heading\"><strong>Comment \u00e7a fonctionne ?<\/strong><\/h2>\n\n\n\n<p class=\"wp-block-paragraph\">Le trajet se r\u00e9serve \u00e0 l&rsquo;avance aupr\u00e8s de la Maison Croix-Rouge. La destination est convenue ensemble, et le transport est assur\u00e9 \u00abporte-\u00e0-porte\u00bb par un chauffeur b\u00e9n\u00e9vole, form\u00e9 et encadr\u00e9, au volant du v\u00e9hicule d\u00e9di\u00e9 \u00e0 cette activit\u00e9. Comme pour l&rsquo;ensemble des activit\u00e9s de transport de la Croix-Rouge, la s\u00e9curit\u00e9 et le confort du b\u00e9n\u00e9ficiaire restent la priorit\u00e9 \u00e0 chaque \u00e9tape du trajet.<\/p>\n\n\n\n<h2 class=\"wp-block-heading\"><strong>Un lancement qui approche<\/strong><\/h2>\n\n\n\n<p class=\"wp-block-paragraph\">Le v\u00e9hicule d\u00e9di\u00e9 \u00e0 cette nouvelle activit\u00e9 est en cours de livraison. La date pr\u00e9cise de mise en service n&rsquo;est pas encore fix\u00e9e, mais le lancement du Transport Social \u00e0 la Maison Croix-Rouge Deux Dendres est pr\u00e9vu dans les prochaines semaines. Toutes les informations pratiques (modalit\u00e9s de r\u00e9servation, zone de couverture, etc.) seront communiqu\u00e9es d\u00e8s que le service sera op\u00e9rationnel.<\/p>\n\n\n\n<h2 class=\"wp-block-heading\"><strong>Envie d&rsquo;en savoir plus ou de devenir b\u00e9n\u00e9vole chauffeur ?<\/strong><\/h2>\n\n\n\n<p class=\"wp-block-paragraph\">N&rsquo;h\u00e9sitez pas \u00e0 prendre contact avec la Maison Croix-Rouge Deux Dendres :<\/p>\n\n\n<figure class=\"wp-block-post-featured-image\"><img loading=\"lazy\" decoding=\"async\" width=\"1024\" height=\"683\" src=\"https:\/\/site.croixrougeath.be\/wp-content\/uploads\/2026\/09\/DSC3060-1-1024x683.jpg\" class=\"attachment-post-thumbnail size-post-thumbnail wp-post-image\" alt=\"\" style=\"object-fit:cover;\" srcset=\"https:\/\/site.croixrougeath.be\/wp-content\/uploads\/2026\/09\/DSC3060-1-1024x683.jpg 1024w, https:\/\/site.croixrougeath.be\/wp-content\/uploads\/2026\/09\/DSC3060-1-300x200.jpg 300w, https:\/\/site.croixrougeath.be\/wp-content\/uploads\/2026\/09\/DSC3060-1-768x512.jpg 768w, https:\/\/site.croixrougeath.be\/wp-content\/uploads\/2026\/09\/DSC3060-1-391x260.jpg 391w, https:\/\/site.croixrougeath.be\/wp-content\/uploads\/2026\/09\/DSC3060-1-1536x1024.jpg 1536w, https:\/\/site.croixrougeath.be\/wp-content\/uploads\/2026\/09\/DSC3060-1-2048x1365.jpg 2048w, https:\/\/site.croixrougeath.be\/wp-content\/uploads\/2026\/09\/DSC3060-1-320x213.jpg 320w, https:\/\/site.croixrougeath.be\/wp-content\/uploads\/2026\/09\/DSC3060-1-480x320.jpg 480w, https:\/\/site.croixrougeath.be\/wp-content\/uploads\/2026\/09\/DSC3060-1-800x533.jpg 800w, https:\/\/site.croixrougeath.be\/wp-content\/uploads\/2026\/09\/DSC3060-1-1620x1080.jpg 1620w\" sizes=\"auto, (max-width: 1024px) 100vw, 1024px\" \/><\/figure>","protected":false},"excerpt":{"rendered":"<p>La Maison Croix-Rouge \u00abDeux Dendres\u00bb (Ath \u2013 Brugelette) \u00e9largit son champ d&rsquo;action avec une nouvelle activit\u00e9 solidaire : le Transport Social. Ce service, encadr\u00e9 par un agr\u00e9ment d\u00e9livr\u00e9 par la R\u00e9gion wallonne, doit permettre \u00e0 toute personne qui a des difficult\u00e9s \u00e0 se d\u00e9placer seule de conserver un acc\u00e8s \u00e0 ses rendez-vous, \u00e0 ses d\u00e9marches&hellip; <br \/> <a class=\"read-more\" href=\"https:\/\/site.croixrougeath.be\/index.php\/2026\/09\/02\/bientot-disponible-la-maison-croix-rouge-deux-dendres-lance-son-service-de-transport-social\/\">Lire la suite<\/a><\/p>\n","protected":false},"author":3,"featured_media":1114,"comment_status":"closed","ping_status":"closed","sticky":false,"template":"","format":"standard","meta":{"footnotes":""},"categories":[38],"tags":[],"class_list":["post-1111","post","type-post","status-publish","format-standard","has-post-thumbnail","hentry","category-transport-social"],"_links":{"self":[{"href":"https:\/\/site.croixrougeath.be\/index.php\/wp-json\/wp\/v2\/posts\/1111","targetHints":{"allow":["GET"]}}],"collection":[{"href":"https:\/\/site.croixrougeath.be\/index.php\/wp-json\/wp\/v2\/posts"}],"about":[{"href":"https:\/\/site.croixrougeath.be\/index.php\/wp-json\/wp\/v2\/types\/post"}],"author":[{"embeddable":true,"href":"https:\/\/site.croixrougeath.be\/index.php\/wp-json\/wp\/v2\/users\/3"}],"replies":[{"embeddable":true,"href":"https:\/\/site.croixrougeath.be\/index.php\/wp-json\/wp\/v2\/comments?post=1111"}],"version-history":[{"count":3,"href":"https:\/\/site.croixrougeath.be\/index.php\/wp-json\/wp\/v2\/posts\/1111\/revisions"}],"predecessor-version":[{"id":1117,"href":"https:\/\/site.croixrougeath.be\/index.php\/wp-json\/wp\/v2\/posts\/1111\/revisions\/1117"}],"wp:featuredmedia":[{"embeddable":true,"href":"https:\/\/site.croixrougeath.be\/index.php\/wp-json\/wp\/v2\/media\/1114"}],"wp:attachment":[{"href":"https:\/\/site.croixrougeath.be\/index.php\/wp-json\/wp\/v2\/media?parent=1111"}],"wp:term":[{"taxonomy":"category","embeddable":true,"href":"https:\/\/site.croixrougeath.be\/index.php\/wp-json\/wp\/v2\/categories?post=1111"},{"taxonomy":"post_tag","embeddable":true,"href":"https:\/\/site.croixrougeath.be\/index.php\/wp-json\/wp\/v2\/tags?post=1111"}],"curies":[{"name":"wp","href":"https:\/\/api.w.org\/{rel}","templated":true}]}}