{"id":862,"date":"2022-08-03T14:06:41","date_gmt":"2022-08-03T12:06:41","guid":{"rendered":"https:\/\/site.croixrougeath.be\/?p=862"},"modified":"2022-08-03T14:22:52","modified_gmt":"2022-08-03T12:22:52","slug":"hommage-a-josianne-denutte","status":"publish","type":"post","link":"https:\/\/site.croixrougeath.be\/index.php\/2022\/08\/03\/hommage-a-josianne-denutte\/","title":{"rendered":"Hommage \u00e0 Josianne Denutte"},"content":{"rendered":"\n<div class=\"wp-block-columns has-background is-layout-flex wp-container-core-columns-is-layout-9d6595d7 wp-block-columns-is-layout-flex\" style=\"background:radial-gradient(rgb(238,238,238) 0%,rgb(169,184,195) 100%)\">\n<div class=\"wp-block-column is-layout-flow wp-block-column-is-layout-flow\" style=\"flex-basis:20px\"><\/div>\n\n\n\n<div class=\"wp-block-column is-layout-flow wp-block-column-is-layout-flow\">\n<div style=\"height:100px\" aria-hidden=\"true\" class=\"wp-block-spacer\"><\/div>\n\n\n\n<p>Josianne Denutte est n\u00e9e le 29-04-1940.<\/p>\n\n\n\n<p>D\u00e8s l\u2019\u00e2ge adulte, Josianne s\u2019est occup\u00e9e des personnes dans le besoin, des visites \u00e0 l\u2019h\u00f4pital, \u00e0 domicile.<\/p>\n\n\n\n<p>Elle a accompagn\u00e9 l&rsquo;\u00e9quipe, de \u00ab\u00a0la cl\u00e9 sur la porte\u00a0\u00bb ,association cr\u00e9e par le CPAS et Ren\u00e9e Hubert qui offrait des v\u00eatements aux personnes pr\u00e9caris\u00e9es.&nbsp;<\/p>\n\n\n\n<p>Elle a rejoint la Croix-Rouge le 1er septembre 1978, et depuis cette \u00e9poque n\u2019a jamais cess\u00e9 ses activit\u00e9s CR, aussi bien dans le tri des v\u00eatements destin\u00e9s \u00e0 la vestiboutique existante, que dans les visites \u00e0 l\u2019h\u00f4pital, puis dans les homes de notre ville, ceci en collaboration avec les assistantes sociales.<\/p>\n\n\n\n<p>Elle s\u2019est occup\u00e9e \u00e9galement de la pr\u00e9paration des colis alimentaires, puis de la biblioth\u00e8que (distribution des livres dans les homes et \u00e0 l\u2019h\u00f4pital).<\/p>\n\n\n\n<p>Josianne a aussi instaur\u00e9 la vente de livres lors des nocturnes de l\u2019\u00e9t\u00e9 d\u00e8s l\u2019ann\u00e9e 2000.<\/p>\n\n\n\n<p>D\u2019humeur sympathique, elle \u00e9tait \u00e0 l\u2019\u00e9coute et essayait dans la mesure de ses moyens de r\u00e9pondre aux nombreuses demandes des uns et des autres.<\/p>\n\n\n\n<p>Il y a peu, elle t\u00e9l\u00e9phonait r\u00e9guli\u00e8rement \u00e0 Francine pour prendre des nouvelles de la MCR.<\/p>\n\n\n\n<p>Josianne nous a quitt\u00e9 ce 14 juillet 2022.<\/p>\n\n\n\n<p>Qu\u2019elle reste dans nos pens\u00e9es encore longtemps.<\/p>\n\n\n\n<div style=\"height:100px\" aria-hidden=\"true\" class=\"wp-block-spacer\"><\/div>\n<\/div>\n\n\n\n<div class=\"wp-block-column is-layout-flow wp-block-column-is-layout-flow\" style=\"flex-basis:20px\"><\/div>\n<\/div>\n","protected":false},"excerpt":{"rendered":"<p>Josianne Denutte est n\u00e9e le 29-04-1940. D\u00e8s l\u2019\u00e2ge adulte, Josianne s\u2019est occup\u00e9e des personnes dans le besoin, des visites \u00e0 l\u2019h\u00f4pital, \u00e0 domicile. Elle a accompagn\u00e9 l&rsquo;\u00e9quipe, de \u00ab\u00a0la cl\u00e9 sur la porte\u00a0\u00bb ,association cr\u00e9e par le CPAS et Ren\u00e9e Hubert qui offrait des v\u00eatements aux personnes pr\u00e9caris\u00e9es.&nbsp; Elle a rejoint la Croix-Rouge le 1er&hellip; <br \/> <a class=\"read-more\" href=\"https:\/\/site.croixrougeath.be\/index.php\/2022\/08\/03\/hommage-a-josianne-denutte\/\">Lire la suite<\/a><\/p>\n","protected":false},"author":2141,"featured_media":863,"comment_status":"closed","ping_status":"closed","sticky":false,"template":"","format":"standard","meta":{"footnotes":""},"categories":[1],"tags":[],"class_list":["post-862","post","type-post","status-publish","format-standard","has-post-thumbnail","hentry","category-uncategorized"],"_links":{"self":[{"href":"https:\/\/site.croixrougeath.be\/index.php\/wp-json\/wp\/v2\/posts\/862","targetHints":{"allow":["GET"]}}],"collection":[{"href":"https:\/\/site.croixrougeath.be\/index.php\/wp-json\/wp\/v2\/posts"}],"about":[{"href":"https:\/\/site.croixrougeath.be\/index.php\/wp-json\/wp\/v2\/types\/post"}],"author":[{"embeddable":true,"href":"https:\/\/site.croixrougeath.be\/index.php\/wp-json\/wp\/v2\/users\/2141"}],"replies":[{"embeddable":true,"href":"https:\/\/site.croixrougeath.be\/index.php\/wp-json\/wp\/v2\/comments?post=862"}],"version-history":[{"count":0,"href":"https:\/\/site.croixrougeath.be\/index.php\/wp-json\/wp\/v2\/posts\/862\/revisions"}],"wp:featuredmedia":[{"embeddable":true,"href":"https:\/\/site.croixrougeath.be\/index.php\/wp-json\/wp\/v2\/media\/863"}],"wp:attachment":[{"href":"https:\/\/site.croixrougeath.be\/index.php\/wp-json\/wp\/v2\/media?parent=862"}],"wp:term":[{"taxonomy":"category","embeddable":true,"href":"https:\/\/site.croixrougeath.be\/index.php\/wp-json\/wp\/v2\/categories?post=862"},{"taxonomy":"post_tag","embeddable":true,"href":"https:\/\/site.croixrougeath.be\/index.php\/wp-json\/wp\/v2\/tags?post=862"}],"curies":[{"name":"wp","href":"https:\/\/api.w.org\/{rel}","templated":true}]}}